{"id":2724,"date":"2024-01-27T10:20:53","date_gmt":"2024-01-27T08:20:53","guid":{"rendered":"https:\/\/cgt-cfa.com\/WordPress\/?p=2724"},"modified":"2024-01-27T10:20:53","modified_gmt":"2024-01-27T08:20:53","slug":"quand-lautonomie-des-medecins-du-travail-est-mise-a-mal-la-sante-des-travailleur%c2%b7es-aussi","status":"publish","type":"post","link":"http:\/\/cgt-cfa.com\/WordPress\/non-classe\/quand-lautonomie-des-medecins-du-travail-est-mise-a-mal-la-sante-des-travailleur%c2%b7es-aussi\/","title":{"rendered":"Quand l\u2019autonomie des m\u00e9decins du travail est mise \u00e0 mal, la sant\u00e9 des travailleur\u00b7es aussi !"},"content":{"rendered":"<p>La CGT des CFA apporte son soutien \u00e0 Jean Louis Zylberberg comme \u00e0 tous les m\u00e9decins et exige qu\u2019aucune sanction ne soit prononc\u00e9e.<\/p>\n<p>Jean-Louis Zylberberg, m\u00e9decin du travail \u00e0 l&rsquo;APST BTP RP, vient d\u2019\u00eatre interdit d\u2019exercer son m\u00e9tier pendant un an dont six mois avec sursis, par la chambre disciplinaire r\u00e9gionale de l\u2019Ordre des m\u00e9decins.<\/p>\n<p>C\u2019est l\u2019employeur, l\u2019entreprise Valente, qui a d\u00e9cid\u00e9 de saisir le conseil d\u00e9partemental de l\u2019Ordre des m\u00e9decins sous pr\u00e9texte que le Docteur Zylberberg aurait r\u00e9dig\u00e9 des \u00ab\u00a0<em>avis d\u2019inaptitude litigieux \u00a0<\/em>(&#8230;)<em>, de nature \u00e0 l\u00e9ser de mani\u00e8re directe et certaine\u00a0<\/em>\u00bb Valente S\u00e9curit\u00e9.<\/p>\n<p>Ce qui lui est reproch\u00e9 : avoir fait son travail, cette fois-ci en faisant le lien entre l\u2019aggravation de l\u2019\u00e9tat de sant\u00e9 des salari\u00e9.es et leurs conditions de travail.<\/p>\n<p>Une nouvelle fois, il s\u2019agit pour le patronat de cacher les d\u00e9g\u00e2ts g\u00e9n\u00e9r\u00e9s par le travail en attaquant via le conseil de l\u2019ordre les t\u00e9moins professionnels que sont les m\u00e9decins du travail.<\/p>\n<p>Une nouvelle fois, il s\u2019agit de s\u2019en prendre \u00e0 un m\u00e9decin du travail qui refuse d\u2019appliquer les injonctions des employeurs \u00e0 qui le gouvernement a offert un nouveau cadeau avec la loi du 2 ao\u00fbt 2021 qui veut imposer une m\u00e9decine de s\u00e9lection et d\u2019appui au management au d\u00e9triment de la sant\u00e9 mentale et physique des salari\u00e9.es.<\/p>\n<p>&nbsp;<\/p>\n<p>&nbsp;<\/p>\n<div class=\"ead-preview\"><div class=\"ead-document\" style=\"position: relative;padding-top: 90%;\"><div class=\"ead-iframe-wrapper\"><iframe src=\"\/\/docs.google.com\/viewer?url=http%3A%2F%2Fcgt-cfa.com%2FWordPress%2Fwp-content%2Fuploads%2F2024%2F01%2FCP-CGT-Medecine-du-travail-mise-a-mal.pdf&amp;embedded=true&amp;hl=en\" title=\"Document embarqu\u00e9\" class=\"ead-iframe\" style=\"width: 100%;height: 100%;border: none;position: absolute;left: 0;top: 0;visibility: hidden;\"><\/iframe><\/div>\t\t\t<div class=\"ead-document-loading\" style=\"width:100%;height:100%;position:absolute;left:0;top:0;z-index:10;\">\n\t\t\t\t<div class=\"ead-loading-wrap\">\n\t\t\t\t\t<div class=\"ead-loading-main\">\n\t\t\t\t\t\t<div class=\"ead-loading\">\n\t\t\t\t\t\t\t<img loading=\"lazy\" decoding=\"async\" src=\"http:\/\/cgt-cfa.com\/WordPress\/wp-content\/plugins\/embed-any-document\/images\/loading.svg\" width=\"55\" height=\"55\" alt=\"Chargeur\">\n\t\t\t\t\t\t\t<span>En cours de chargement&hellip;<\/span>\n\t\t\t\t\t\t<\/div>\n\t\t\t\t\t<\/div>\n\t\t\t\t\t<div class=\"ead-loading-foot\">\n\t\t\t\t\t\t<div class=\"ead-loading-foot-title\">\n\t\t\t\t\t\t\t<img loading=\"lazy\" decoding=\"async\" src=\"http:\/\/cgt-cfa.com\/WordPress\/wp-content\/plugins\/embed-any-document\/images\/EAD-logo.svg\" alt=\"Logo EAD\" width=\"36\" height=\"23\"\/>\n\t\t\t\t\t\t\t<span>Cela prend trop de temps\u00a0?<\/span>\n\t\t\t\t\t\t<\/div>\n\t\t\t\t\t\t<p>\n\t\t\t\t\t\t\t<div class=\"ead-document-btn ead-reload-btn\" role=\"button\">\n\t\t\t\t\t\t\t\t<img loading=\"lazy\" decoding=\"async\" src=\"http:\/\/cgt-cfa.com\/WordPress\/wp-content\/plugins\/embed-any-document\/images\/reload.svg\" alt=\"Recharger\" width=\"12\" height=\"12\"\/> Recharger le document\t\t\t\t\t\t\t<\/div>\n\t\t\t\t\t\t\t<span>|<\/span>\n\t\t\t\t\t\t\t<a href=\"http:\/\/cgt-cfa.com\/WordPress\/wp-content\/uploads\/2024\/01\/CP-CGT-Medecine-du-travail-mise-a-mal.pdf\" class=\"ead-document-btn\" target=\"_blank\">\n\t\t\t\t\t\t\t\t<img loading=\"lazy\" decoding=\"async\" src=\"http:\/\/cgt-cfa.com\/WordPress\/wp-content\/plugins\/embed-any-document\/images\/open.svg\" alt=\"Ouvert\" width=\"12\" height=\"12\"\/> Ouvrir dans un nouvel onglet\t\t\t\t\t\t\t<\/a>\n\t\t\t\t\t<\/div>\n\t\t\t\t<\/div>\n\t\t\t<\/div>\n\t\t<\/div><p class=\"embed_download\"><a href=\"http:\/\/cgt-cfa.com\/WordPress\/wp-content\/uploads\/2024\/01\/CP-CGT-Medecine-du-travail-mise-a-mal.pdf\" download>T\u00e9l\u00e9charger ! [609.30 KB] <\/a><\/p><\/div>\n","protected":false},"excerpt":{"rendered":"<p>La CGT des CFA apporte son soutien \u00e0 Jean Louis Zylberberg comme \u00e0 tous les m\u00e9decins et exige qu\u2019aucune sanction ne soit prononc\u00e9e. Jean-Louis Zylberberg, m\u00e9decin du travail \u00e0 l&rsquo;APST BTP RP, vient d\u2019\u00eatre interdit d\u2019exercer son m\u00e9tier pendant un an dont six mois avec sursis, par la chambre disciplinaire r\u00e9gionale de l\u2019Ordre des m\u00e9decins. [&hellip;]<\/p>\n","protected":false},"author":1,"featured_media":0,"comment_status":"open","ping_status":"open","sticky":false,"template":"","format":"standard","meta":{"footnotes":""},"categories":[1],"tags":[],"class_list":["post-2724","post","type-post","status-publish","format-standard","hentry","category-non-classe"],"aioseo_notices":[],"_links":{"self":[{"href":"http:\/\/cgt-cfa.com\/WordPress\/wp-json\/wp\/v2\/posts\/2724","targetHints":{"allow":["GET"]}}],"collection":[{"href":"http:\/\/cgt-cfa.com\/WordPress\/wp-json\/wp\/v2\/posts"}],"about":[{"href":"http:\/\/cgt-cfa.com\/WordPress\/wp-json\/wp\/v2\/types\/post"}],"author":[{"embeddable":true,"href":"http:\/\/cgt-cfa.com\/WordPress\/wp-json\/wp\/v2\/users\/1"}],"replies":[{"embeddable":true,"href":"http:\/\/cgt-cfa.com\/WordPress\/wp-json\/wp\/v2\/comments?post=2724"}],"version-history":[{"count":1,"href":"http:\/\/cgt-cfa.com\/WordPress\/wp-json\/wp\/v2\/posts\/2724\/revisions"}],"predecessor-version":[{"id":2726,"href":"http:\/\/cgt-cfa.com\/WordPress\/wp-json\/wp\/v2\/posts\/2724\/revisions\/2726"}],"wp:attachment":[{"href":"http:\/\/cgt-cfa.com\/WordPress\/wp-json\/wp\/v2\/media?parent=2724"}],"wp:term":[{"taxonomy":"category","embeddable":true,"href":"http:\/\/cgt-cfa.com\/WordPress\/wp-json\/wp\/v2\/categories?post=2724"},{"taxonomy":"post_tag","embeddable":true,"href":"http:\/\/cgt-cfa.com\/WordPress\/wp-json\/wp\/v2\/tags?post=2724"}],"curies":[{"name":"wp","href":"https:\/\/api.w.org\/{rel}","templated":true}]}}