{"id":1285,"date":"2013-04-04T14:19:11","date_gmt":"2013-04-04T12:19:11","guid":{"rendered":"http:\/\/cgt-cfa.com\/WordPress\/?p=1285"},"modified":"2013-04-04T14:19:11","modified_gmt":"2013-04-04T12:19:11","slug":"le-9-avril-disons-non-aux-reculs-sociaux-inacceptables","status":"publish","type":"post","link":"http:\/\/cgt-cfa.com\/WordPress\/danslescfa\/luttes\/le-9-avril-disons-non-aux-reculs-sociaux-inacceptables\/","title":{"rendered":"Le 9 avril, disons NON aux reculs sociaux inacceptables"},"content":{"rendered":"<p>La CGT, FO, la FSU et  Solidaires ont d\u00e9cid\u00e9 d\u2019appeler \u00e0 une journ\u00e9e de gr\u00e8ves, de manifestations et de  mobilisation, <strong>le mardi 9 avril<\/strong>, jour o\u00f9 sera examin\u00e9 par le parlement le  projet de loi reprenant l\u2019accord flexibilit\u00e9 du MEDEF. Le vote en l\u2019\u00e9tat de  la loi reprenant l\u2019accord MEDEF instituerait des reculs sociaux intol\u00e9rables,  pour n\u2019en citer que quelques uns\u00a0:<\/p>\n<ul>\n<li>Droit pour l\u2019employeur  de ne pas respecter des clauses du contrat de travail en imposant la mobilit\u00e9,  la baisse de salaire, la diminution du temps de travail avec perte de salaire.  Le refus du salari\u00e9 constituerait un motif de licenciement pour  faute.<\/li>\n<\/ul>\n<ul>\n<li>Faciliter les  licenciements \u00e9conomiques.<\/li>\n<\/ul>\n<ul>\n<li>Droit de licencier  pour le patron qui il veut en cas de licenciement \u00e9conomique.<\/li>\n<\/ul>\n<ul>\n<li>Limitation des  possibilit\u00e9s de rappel de salaire pour les salari\u00e9s de 5 \u00e0 3 ans.<\/li>\n<\/ul>\n<p>Le <strong>9 avril<\/strong> nous devons  rappeler tr\u00e8s fermement \u00e0 ceux que nous avons \u00e9lus qu\u2019ils ne l\u2019ont pas \u00e9t\u00e9 pour  faire la loi du MEDEF dont r\u00eavait Sarkozy.<\/p>\n<p>La FNSCBA  CGT appelle tous ses  syndicats, tous les salari\u00e9s de la profession \u00e0 participer aux initiatives mises  en place dans toute la France.<\/p>\n<p>\u00catre nombreux est une  n\u00e9cessit\u00e9 pour mettre en \u00e9chec la strat\u00e9gie du MEDEF et \u00e9viter le recul social. <strong>La CGT\u00a0 invite ses syndicats \u00e0 continuer l\u2019interpellation de leurs  d\u00e9put\u00e9s<\/strong>.<\/p>\n","protected":false},"excerpt":{"rendered":"<p>La CGT, FO, la FSU et Solidaires ont d\u00e9cid\u00e9 d\u2019appeler \u00e0 une journ\u00e9e de gr\u00e8ves, de manifestations et de mobilisation, le mardi 9 avril, jour o\u00f9 sera examin\u00e9 par le parlement le projet de loi reprenant l\u2019accord flexibilit\u00e9 du MEDEF. Le vote en l\u2019\u00e9tat de la loi reprenant l\u2019accord MEDEF instituerait des reculs sociaux intol\u00e9rables, [&hellip;]<\/p>\n","protected":false},"author":3,"featured_media":0,"comment_status":"open","ping_status":"open","sticky":false,"template":"","format":"standard","meta":{"footnotes":""},"categories":[3],"tags":[36,63,99],"class_list":["post-1285","post","type-post","status-publish","format-standard","hentry","category-luttes","tag-lutte","tag-manifestation","tag-protection-sociale"],"aioseo_notices":[],"_links":{"self":[{"href":"http:\/\/cgt-cfa.com\/WordPress\/wp-json\/wp\/v2\/posts\/1285","targetHints":{"allow":["GET"]}}],"collection":[{"href":"http:\/\/cgt-cfa.com\/WordPress\/wp-json\/wp\/v2\/posts"}],"about":[{"href":"http:\/\/cgt-cfa.com\/WordPress\/wp-json\/wp\/v2\/types\/post"}],"author":[{"embeddable":true,"href":"http:\/\/cgt-cfa.com\/WordPress\/wp-json\/wp\/v2\/users\/3"}],"replies":[{"embeddable":true,"href":"http:\/\/cgt-cfa.com\/WordPress\/wp-json\/wp\/v2\/comments?post=1285"}],"version-history":[{"count":1,"href":"http:\/\/cgt-cfa.com\/WordPress\/wp-json\/wp\/v2\/posts\/1285\/revisions"}],"predecessor-version":[{"id":1286,"href":"http:\/\/cgt-cfa.com\/WordPress\/wp-json\/wp\/v2\/posts\/1285\/revisions\/1286"}],"wp:attachment":[{"href":"http:\/\/cgt-cfa.com\/WordPress\/wp-json\/wp\/v2\/media?parent=1285"}],"wp:term":[{"taxonomy":"category","embeddable":true,"href":"http:\/\/cgt-cfa.com\/WordPress\/wp-json\/wp\/v2\/categories?post=1285"},{"taxonomy":"post_tag","embeddable":true,"href":"http:\/\/cgt-cfa.com\/WordPress\/wp-json\/wp\/v2\/tags?post=1285"}],"curies":[{"name":"wp","href":"https:\/\/api.w.org\/{rel}","templated":true}]}}