{"id":1133,"date":"2012-06-13T19:10:55","date_gmt":"2012-06-13T17:10:55","guid":{"rendered":"http:\/\/cgt-cfa.com\/WordPress\/?p=1133"},"modified":"2012-06-13T19:10:55","modified_gmt":"2012-06-13T17:10:55","slug":"montpellier-en-greve","status":"publish","type":"post","link":"http:\/\/cgt-cfa.com\/WordPress\/danslescfa\/luttes\/montpellier-en-greve\/","title":{"rendered":"Montpellier en gr\u00e8ve !"},"content":{"rendered":"<p>Nos camarades de Montpellier entre en lutte ouverte pour<\/p>\n<ul>\n<li>le respect des conditions d&rsquo;\u00e9tude de leurs apprentis,<\/li>\n<li>le respect des accords sign\u00e9s sur leurs conditions de travail lors de la r\u00e9gionalisation<\/li>\n<\/ul>\n<blockquote><p><strong>Les salari\u00e9s du CFA de Montpellier seront en gr\u00e8ve le jeudi 14 juin<\/strong>,<\/p>\n<ul>\n<li>Nous  refusons la d\u00e9sorganisation p\u00e9dagogique et administrative qui g\u00e9n\u00e8re le stress  et le mal \u00eatre sur l&rsquo;ensemble des salari\u00e9s.<\/li>\n<li>Nous d\u00e9sapprouvons la gestion  hasardeuse des plans de charge,les missions suppl\u00e9mentaires sans contre partie,  et sans reconnaissance.<\/li>\n<li>Nous demandons le respect de nos accords d&rsquo;entreprise et des engagements pris  lors des n\u00e9gociations r\u00e9gionales.<\/li>\n<\/ul>\n<p>nous vous tiendrons inform\u00e9 d\u00e8s demain matin de la suite de notre action.<\/p><\/blockquote>\n<p>La r\u00e9gionalisation n&rsquo;est pas un long fleuve tranquille, pr\u00e9parons nous \u00e0 la lutte en soutenant nos camarades.<\/p>\n","protected":false},"excerpt":{"rendered":"<p>Nos camarades de Montpellier entre en lutte ouverte pour le respect des conditions d&rsquo;\u00e9tude de leurs apprentis, le respect des accords sign\u00e9s sur leurs conditions de travail lors de la r\u00e9gionalisation Les salari\u00e9s du CFA de Montpellier seront en gr\u00e8ve le jeudi 14 juin, Nous refusons la d\u00e9sorganisation p\u00e9dagogique et administrative qui g\u00e9n\u00e8re le stress [&hellip;]<\/p>\n","protected":false},"author":3,"featured_media":0,"comment_status":"open","ping_status":"open","sticky":false,"template":"","format":"standard","meta":{"footnotes":""},"categories":[4,9,3,6],"tags":[94,29,47,36,133],"class_list":["post-1133","post","type-post","status-publish","format-standard","hentry","category-danslescfa","category-conditionstravail","category-luttes","category-regionalisation","tag-cfa-montpellier","tag-conditions-de-travail","tag-greve","tag-lutte","tag-regionalisation"],"aioseo_notices":[],"_links":{"self":[{"href":"http:\/\/cgt-cfa.com\/WordPress\/wp-json\/wp\/v2\/posts\/1133","targetHints":{"allow":["GET"]}}],"collection":[{"href":"http:\/\/cgt-cfa.com\/WordPress\/wp-json\/wp\/v2\/posts"}],"about":[{"href":"http:\/\/cgt-cfa.com\/WordPress\/wp-json\/wp\/v2\/types\/post"}],"author":[{"embeddable":true,"href":"http:\/\/cgt-cfa.com\/WordPress\/wp-json\/wp\/v2\/users\/3"}],"replies":[{"embeddable":true,"href":"http:\/\/cgt-cfa.com\/WordPress\/wp-json\/wp\/v2\/comments?post=1133"}],"version-history":[{"count":1,"href":"http:\/\/cgt-cfa.com\/WordPress\/wp-json\/wp\/v2\/posts\/1133\/revisions"}],"predecessor-version":[{"id":1134,"href":"http:\/\/cgt-cfa.com\/WordPress\/wp-json\/wp\/v2\/posts\/1133\/revisions\/1134"}],"wp:attachment":[{"href":"http:\/\/cgt-cfa.com\/WordPress\/wp-json\/wp\/v2\/media?parent=1133"}],"wp:term":[{"taxonomy":"category","embeddable":true,"href":"http:\/\/cgt-cfa.com\/WordPress\/wp-json\/wp\/v2\/categories?post=1133"},{"taxonomy":"post_tag","embeddable":true,"href":"http:\/\/cgt-cfa.com\/WordPress\/wp-json\/wp\/v2\/tags?post=1133"}],"curies":[{"name":"wp","href":"https:\/\/api.w.org\/{rel}","templated":true}]}}