{"id":1129,"date":"2012-06-10T20:49:07","date_gmt":"2012-06-10T18:49:07","guid":{"rendered":"http:\/\/cgt-cfa.com\/WordPress\/?p=1129"},"modified":"2012-09-04T10:38:16","modified_gmt":"2012-09-04T08:38:16","slug":"halte-au-decrochage-du-point","status":"publish","type":"post","link":"http:\/\/cgt-cfa.com\/WordPress\/danslescfa\/luttes\/halte-au-decrochage-du-point\/","title":{"rendered":"Halte au d\u00e9crochage du point"},"content":{"rendered":"<p><strong>Halte \u00e0 la d\u00e9valorisation de nos m\u00e9tiers!<\/strong><br \/>\nC\u2019est pourquoi l&rsquo;inter syndicale<strong> CGT-CFDT-CFTC-FO <\/strong>demande une augmentation des points ETAM-IAC :<\/p>\n<ul>\n<li>De 1.5% au 1er juillet 2012 (points ETAM \u00e0 7,22 et IAC \u00e0 25,82)<\/li>\n<li>Un point \u00e0 7,35 pour les ETAM et \u00e0 26,30 pour les IAC au 1er janvier 2013 !<\/li>\n<li>Un calendrier de rattrapage de cette perte de pouvoir d&rsquo;achat des ann\u00e9es 2010-2011 \u00e9tal\u00e9 sur 3 ans.<\/li>\n<\/ul>\n<p>Les salari\u00e9s des CFA du r\u00e9seau resteront mobilis\u00e9s aux c\u00f4t\u00e9s de leurs Organisations Syndicales afin de faire aboutir cette revendication l\u00e9gitime lors de la n\u00e9gociation salariale du 27 juin 2012 !<\/p>\n<p><strong>Affichez, signez, faites signez la <a href=\"http:\/\/cgt-cfa.com\/WordPress\/wp-content\/uploads\/2012\/06\/tract_salaire_2012.pdf\">p\u00e9tition<\/a> et suivez\u00a0 son \u00ab\u00a0<a href=\"http:\/\/cgt-cfa.com\/WordPress\/wp-content\/uploads\/2012\/06\/notice_petition.pdf\">mode d&#8217;emploi<\/a>\u00a0\u00bb t\u00e9l\u00e9chargeables ici.<\/strong><\/p>\n<p>Remontez les p\u00e9titions tr\u00e8s rapidement, la r\u00e9union de n\u00e9gociation a lieu le 27 juin 2012<\/p>\n<ul>\n<li>soit au fax du syndicat : 09 72 27 52 51<\/li>\n<li>soit par nos\u00a0 emails :\u00a0 secretaire@cgt-cfa.com ou syndicat@cgt-cfa.com<\/li>\n<\/ul>\n","protected":false},"excerpt":{"rendered":"<p>Halte \u00e0 la d\u00e9valorisation de nos m\u00e9tiers! C\u2019est pourquoi l&rsquo;inter syndicale CGT-CFDT-CFTC-FO demande une augmentation des points ETAM-IAC : De 1.5% au 1er juillet 2012 (points ETAM \u00e0 7,22 et IAC \u00e0 25,82) Un point \u00e0 7,35 pour les ETAM et \u00e0 26,30 pour les IAC au 1er janvier 2013 ! Un calendrier de rattrapage [&hellip;]<\/p>\n","protected":false},"author":3,"featured_media":0,"comment_status":"open","ping_status":"open","sticky":false,"template":"","format":"standard","meta":{"footnotes":""},"categories":[4,8,3],"tags":[52,22],"class_list":["post-1129","post","type-post","status-publish","format-standard","hentry","category-danslescfa","category-salaires","category-luttes","tag-petition","tag-salaire"],"aioseo_notices":[],"_links":{"self":[{"href":"http:\/\/cgt-cfa.com\/WordPress\/wp-json\/wp\/v2\/posts\/1129","targetHints":{"allow":["GET"]}}],"collection":[{"href":"http:\/\/cgt-cfa.com\/WordPress\/wp-json\/wp\/v2\/posts"}],"about":[{"href":"http:\/\/cgt-cfa.com\/WordPress\/wp-json\/wp\/v2\/types\/post"}],"author":[{"embeddable":true,"href":"http:\/\/cgt-cfa.com\/WordPress\/wp-json\/wp\/v2\/users\/3"}],"replies":[{"embeddable":true,"href":"http:\/\/cgt-cfa.com\/WordPress\/wp-json\/wp\/v2\/comments?post=1129"}],"version-history":[{"count":4,"href":"http:\/\/cgt-cfa.com\/WordPress\/wp-json\/wp\/v2\/posts\/1129\/revisions"}],"predecessor-version":[{"id":1131,"href":"http:\/\/cgt-cfa.com\/WordPress\/wp-json\/wp\/v2\/posts\/1129\/revisions\/1131"}],"wp:attachment":[{"href":"http:\/\/cgt-cfa.com\/WordPress\/wp-json\/wp\/v2\/media?parent=1129"}],"wp:term":[{"taxonomy":"category","embeddable":true,"href":"http:\/\/cgt-cfa.com\/WordPress\/wp-json\/wp\/v2\/categories?post=1129"},{"taxonomy":"post_tag","embeddable":true,"href":"http:\/\/cgt-cfa.com\/WordPress\/wp-json\/wp\/v2\/tags?post=1129"}],"curies":[{"name":"wp","href":"https:\/\/api.w.org\/{rel}","templated":true}]}}